 {"id":1308,"date":"2019-11-08T17:00:52","date_gmt":"2019-11-08T15:00:52","guid":{"rendered":"https:\/\/www.solidaridad-ev.org\/?p=1308"},"modified":"2020-01-02T22:01:43","modified_gmt":"2020-01-02T20:01:43","slug":"soliabend-mit-solidaridad-e-v","status":"publish","type":"post","link":"https:\/\/www.solidaridad-ev.org\/es\/2019\/11\/08\/soliabend-mit-solidaridad-e-v\/","title":{"rendered":"Soliabend mit Solidaridad e.V."},"content":{"rendered":"\n<p>Liebe Freunde und Interessierte des Solidaridad e.V.,<br><br>Nachdem der letzte Soliabend schon eine ganze Weile her ist, freuen wir uns Euch am 8.November ganz herzlich in die <a rel=\"noreferrer noopener\" target=\"_blank\" href=\"https:\/\/www.facebook.com\/GoldeneRoseHalle\/\">Goldene Rose<\/a> einzuladen! Es wird Raum f\u00fcr politischen Input und f\u00fcr unsere Arbeit hier vor Ort geben, bevor es mit Musik in den Abend hineingeht. Solidarisiert euch, informiert Euch und feiert mit uns!<br><br>Programm:<br><br>&#8211; 17:00 Uhr Workshop zum kreativen Stra\u00dfenprotest &#8211;<br>In Zusammenarbeit mit der Initiative <a rel=\"noreferrer noopener\" target=\"_blank\" href=\"https:\/\/www.facebook.com\/F%C3%BCr-weltoffene-Nachbarschaft-646851002320552\/\">F\u00fcr weltoffene Nachbarschaft<\/a> m\u00f6chten wir eine Einf\u00fchrung geben in die Kunst der erfolgreichen Vermittlung von Inhalten via Banner \/ Transpis und ein paar Tipps geben, wie das ganze auch mit wenig Aufwand umgesetzt werden kann. Wir werden Materialien dabei haben, es d\u00fcrfen sehr gern eigene W\u00fcnsche und Ideen mitgebracht werden &#8211; wir freuen uns \u00fcber einen gegenseitigen Austausch!<br><br>&#8211; 18:30 Kurzfilm &#8220;Ausbeutung und Widerstand im Plastikmeer&#8221; mit anschlie\u00dfendem Gespr\u00e4ch mit den <a rel=\"noreferrer noopener\" target=\"_blank\" href=\"https:\/\/www.facebook.com\/interbrigadas.brigadas\/\">Interbrigadas<\/a> aus Berlin &#8211;<br>Etwa 100.000 migrantische Landarbeiter*innen arbeiten unter widrigsten Bedingungen in den Gew\u00e4chsh\u00e4usern und Abpackhallen von Almer\u00eda (S\u00fcdspanien), Europas gr\u00f6\u00dfte Anbaufl\u00e4che f\u00fcr Treibhausgem\u00fcse. Ausbeutung, Rassismus und Diskriminierung sind an der Tagesordnung. Die Interbrigadas sind seit vielen Jahren vor Ort mit der dortigen Gewerkschaft Soc-Sat vernetzt und werden uns von ihrer Arbeit berichten.<br><br>Der politische Input wird erg\u00e4nzt durch einen Kurzinput zum Thema &#8220;Brasilien unter Bolsonaro&#8221;, dem amtierenden Pr\u00e4sident Brasiliens. Sein politischer Stil wird zwischen rechtspopulistisch bis faschistisch eingeordnet. Wir wollen kurz erz\u00e4hlen, wie die aktuelle Lage aussieht und auf die MST Unterst\u00fctzerkonferenz hinweisen, die im M\u00e4rz in Halle stattfinden wird. &#8211;<br><br>Bevor es zur Musik \u00fcbergeht m\u00f6chten wir von unserer Vereinsarbeit erz\u00e4hlen und unser selbst zubereitetes Buffet er\u00f6ffnen! Nat\u00fcrlich k\u00f6nnt ihr im Laufe des Abends immer wieder mit uns ins Gespr\u00e4ch kommen.<br><br>&#8211; Ab 21:00 Musik &#8211;<br>Es spielt der S\u00e4nger <a rel=\"noreferrer noopener\" target=\"_blank\" href=\"https:\/\/www.facebook.com\/felix.laros.50\">Felix Laros<\/a> aus Halle und im Anschluss die Band <a rel=\"noreferrer noopener\" target=\"_blank\" href=\"https:\/\/www.facebook.com\/events\/1747294252080613\/\">Radio Willoh<\/a>  (Gitarren, Bass, Akkordeon, Caj\u00f3n und Gesang aus Dtl und Lateinamerika). <br>Danach wird uns das DJ Team von <a rel=\"noreferrer noopener\" target=\"_blank\" href=\"https:\/\/www.facebook.com\/GlueckUndMusik\/\">Gl\u00fcck und Musik &#8211; auf Radio Corax 95.9<\/a> durch die Nacht begleiten. <br><br>Kommt vorbei, bringt interessierte Menschen mit, wir freuen uns!<br>Euer solidaridad e.V.<br><br><br>&#8212;&#8211;<br>Die Veranstaltung wird unterst\u00fctzt von der Rosa-Luxemburg-Stiftung Sachsen-Anhalt<br>&#8212;<br>Wir behalten es uns als Veranstalter vor, gem\u00e4\u00df den \u00a7\u00a7 6, 10 VersammlG LSA von unserem Hausrecht Gebrauch zu machen und nationalistische, sexistische, rassistische, homophobe, inter- und transfeindliche Personen sowie Verschw\u00f6rungsideolog*innen und Querfrontler*innen aller Art und Personen, die rechtsextremen Parteien oder Organisationen angeh\u00f6ren, der rechtsextremen Szene zuzuordnen sind oder bereits in der Vergangenheit durch rassistische, nationalistische, antisemitische oder sonstige menschenverachtende \u00c4u\u00dferungen in Erscheinung getreten sind, den Zutritt zur Veranstaltung zu verwehren oder von dieser auszuschlie\u00dfen.<\/p>\n","protected":false},"excerpt":{"rendered":"<p>Liebe Freunde und Interessierte des Solidaridad e.V., Nachdem der letzte Soliabend schon eine ganze Weile her ist, freuen wir uns Euch am 8.November ganz herzlich in die Goldene Rose einzuladen! Es wird Raum f\u00fcr politischen Input und f\u00fcr unsere Arbeit hier vor Ort geben, bevor es mit Musik in den Abend hineingeht. Solidarisiert euch, informiert &hellip; <a href=\"https:\/\/www.solidaridad-ev.org\/es\/2019\/11\/08\/soliabend-mit-solidaridad-e-v\/\" class=\"more-link\">Continuar leyendo<span class=\"screen-reader-text\"> &#8220;Soliabend mit Solidaridad e.V.&#8221;<\/span><\/a><\/p>\n","protected":false},"author":1,"featured_media":1309,"comment_status":"closed","ping_status":"closed","sticky":false,"template":"","format":"standard","meta":{"footnotes":""},"categories":[12,17,23,22,30,14,35],"tags":[28],"class_list":["post-1308","post","type-post","status-publish","format-standard","has-post-thumbnail","hentry","category-film","category-gespraech","category-musik","category-soli-abend","category-stand","category-vortrag","category-workshop","tag-goldene-rose"],"_links":{"self":[{"href":"https:\/\/www.solidaridad-ev.org\/es\/wp-json\/wp\/v2\/posts\/1308","targetHints":{"allow":["GET"]}}],"collection":[{"href":"https:\/\/www.solidaridad-ev.org\/es\/wp-json\/wp\/v2\/posts"}],"about":[{"href":"https:\/\/www.solidaridad-ev.org\/es\/wp-json\/wp\/v2\/types\/post"}],"author":[{"embeddable":true,"href":"https:\/\/www.solidaridad-ev.org\/es\/wp-json\/wp\/v2\/users\/1"}],"replies":[{"embeddable":true,"href":"https:\/\/www.solidaridad-ev.org\/es\/wp-json\/wp\/v2\/comments?post=1308"}],"version-history":[{"count":1,"href":"https:\/\/www.solidaridad-ev.org\/es\/wp-json\/wp\/v2\/posts\/1308\/revisions"}],"predecessor-version":[{"id":1310,"href":"https:\/\/www.solidaridad-ev.org\/es\/wp-json\/wp\/v2\/posts\/1308\/revisions\/1310"}],"wp:featuredmedia":[{"embeddable":true,"href":"https:\/\/www.solidaridad-ev.org\/es\/wp-json\/wp\/v2\/media\/1309"}],"wp:attachment":[{"href":"https:\/\/www.solidaridad-ev.org\/es\/wp-json\/wp\/v2\/media?parent=1308"}],"wp:term":[{"taxonomy":"category","embeddable":true,"href":"https:\/\/www.solidaridad-ev.org\/es\/wp-json\/wp\/v2\/categories?post=1308"},{"taxonomy":"post_tag","embeddable":true,"href":"https:\/\/www.solidaridad-ev.org\/es\/wp-json\/wp\/v2\/tags?post=1308"}],"curies":[{"name":"wp","href":"https:\/\/api.w.org\/{rel}","templated":true}]}}