 {"id":1290,"date":"2019-06-03T20:00:55","date_gmt":"2019-06-03T18:00:55","guid":{"rendered":"https:\/\/www.solidaridad-ev.org\/?p=1290"},"modified":"2019-10-22T21:35:55","modified_gmt":"2019-10-22T19:35:55","slug":"globale-im-juni-el-corazon-del-tiempo","status":"publish","type":"post","link":"https:\/\/www.solidaridad-ev.org\/es\/2019\/06\/03\/globale-im-juni-el-corazon-del-tiempo\/","title":{"rendered":"Globale im Juni: El Coraz\u00f3n del Tiempo"},"content":{"rendered":"\n<p>Der erste Spielfilm innerhalb des befreiten Territoriums der zapatistischen Bewegung blickt mit einer intimen und subtilen Perspektive auf die Aktivit\u00e4ten der EZLN und deren Gemeinde. Die Geschichte von Sonia, die in La Esperanza de San Pedro Chiapas wohnt, wird innerhalb des zapatistischen Kampfes geschildert. Obwohl sie verlobt ist, verliebt sie sich in ein Mitglied der EZLN-Guerrilla und fordert so die strengen Regeln einer Gemeinde heraus: Die Frage nach der stetigen Ver\u00e4nderung von Autorit\u00e4t und F\u00fchrung innerhalb einer revolution\u00e4ren und selbstverwalteten Gemeinde wird hier thematisiert. Die Zuschauer*in erlebt aus erster Hand wie Alltag und politische Ideale in den zapatistischen Gemeinden ausgehandelt werden und welche Relevanz das f\u00fcr alternative Bewegungen auf globaler Ebene haben kann.<\/p>\n\n\n\n<p>Eintritt: 3 Euro<\/p>\n\n\n\n<p>Anschlie\u00dfend laden wir ein zum Gespr\u00e4ch mit Simon Schuster,  wiss. Mitarbeiter am Lehrstuhl f\u00fcr V\u00f6lkerrecht der Uni Leipzig.<br>Um 19:30 m\u00f6chten wir gemeinsam mit euch die <a rel=\"noreferrer noopener\" target=\"_blank\" href=\"https:\/\/www.facebook.com\/events\/355230985121607\/\">Fotoausstellung &#8220;The Mexico Project&#8221; von Michael Willoefer<\/a> im Foyer des Luchs.Kinos (vom 03.06. bis 16.06.2019) er\u00f6ffnen.<br><br>Nach dem Aufstand 1994, mit einem Frauenanteil von 30 %, verbesserten sich die Lebens- und Arbeitsbedingungen der Frauen. &#8220;Sie haben gelernt, ihre Stimme zu erheben, wahrgenommen zu werden wie die M\u00e4nner. Ihre Angst und Scham, Frau zu sein, haben sie abgelegt.&#8221; (WirFrauen I iYa Basta! I ) Wir wollen uns in Zukunft mehr mit der zapatistischen Frauenbewegung auseinandersetzen und laden hierzu herzlich ein, mit uns ein feministisches Kollektiv zu gr\u00fcnden, welches sich speziell mit den Rechten der weiblichen Zapatista und aber auch mit solchen von Lateinamerikanner*innen befasst. Wenn Ihr Interesse habt schreibt uns gern eine Mail.<\/p>\n","protected":false},"excerpt":{"rendered":"<p>Der erste Spielfilm innerhalb des befreiten Territoriums der zapatistischen Bewegung blickt mit einer intimen und subtilen Perspektive auf die Aktivit\u00e4ten der EZLN und deren Gemeinde. Die Geschichte von Sonia, die in La Esperanza de San Pedro Chiapas wohnt, wird innerhalb des zapatistischen Kampfes geschildert. Obwohl sie verlobt ist, verliebt sie sich in ein Mitglied der &hellip; <a href=\"https:\/\/www.solidaridad-ev.org\/es\/2019\/06\/03\/globale-im-juni-el-corazon-del-tiempo\/\" class=\"more-link\">Continuar leyendo<span class=\"screen-reader-text\"> &#8220;Globale im Juni: El Coraz\u00f3n del Tiempo&#8221;<\/span><\/a><\/p>\n","protected":false},"author":1,"featured_media":1291,"comment_status":"closed","ping_status":"closed","sticky":false,"template":"","format":"standard","meta":{"footnotes":""},"categories":[12,17],"tags":[19,33],"class_list":["post-1290","post","type-post","status-publish","format-standard","has-post-thumbnail","hentry","category-film","category-gespraech","tag-globale-in-halle","tag-luchs-kino-halle"],"_links":{"self":[{"href":"https:\/\/www.solidaridad-ev.org\/es\/wp-json\/wp\/v2\/posts\/1290","targetHints":{"allow":["GET"]}}],"collection":[{"href":"https:\/\/www.solidaridad-ev.org\/es\/wp-json\/wp\/v2\/posts"}],"about":[{"href":"https:\/\/www.solidaridad-ev.org\/es\/wp-json\/wp\/v2\/types\/post"}],"author":[{"embeddable":true,"href":"https:\/\/www.solidaridad-ev.org\/es\/wp-json\/wp\/v2\/users\/1"}],"replies":[{"embeddable":true,"href":"https:\/\/www.solidaridad-ev.org\/es\/wp-json\/wp\/v2\/comments?post=1290"}],"version-history":[{"count":2,"href":"https:\/\/www.solidaridad-ev.org\/es\/wp-json\/wp\/v2\/posts\/1290\/revisions"}],"predecessor-version":[{"id":1293,"href":"https:\/\/www.solidaridad-ev.org\/es\/wp-json\/wp\/v2\/posts\/1290\/revisions\/1293"}],"wp:featuredmedia":[{"embeddable":true,"href":"https:\/\/www.solidaridad-ev.org\/es\/wp-json\/wp\/v2\/media\/1291"}],"wp:attachment":[{"href":"https:\/\/www.solidaridad-ev.org\/es\/wp-json\/wp\/v2\/media?parent=1290"}],"wp:term":[{"taxonomy":"category","embeddable":true,"href":"https:\/\/www.solidaridad-ev.org\/es\/wp-json\/wp\/v2\/categories?post=1290"},{"taxonomy":"post_tag","embeddable":true,"href":"https:\/\/www.solidaridad-ev.org\/es\/wp-json\/wp\/v2\/tags?post=1290"}],"curies":[{"name":"wp","href":"https:\/\/api.w.org\/{rel}","templated":true}]}}