 {"id":1279,"date":"2019-01-24T20:35:29","date_gmt":"2019-01-24T18:35:29","guid":{"rendered":"https:\/\/www.solidaridad-ev.org\/?p=1279"},"modified":"2019-09-05T20:45:12","modified_gmt":"2019-09-05T18:45:12","slug":"colombia-the-long-way-towards-peace","status":"publish","type":"post","link":"https:\/\/www.solidaridad-ev.org\/es\/2019\/01\/24\/colombia-the-long-way-towards-peace\/","title":{"rendered":"Colombia: The long way towards peace"},"content":{"rendered":"\n<p>In 2016, the Colombian government and the guerrilla FARC signed a Peace Agreement at the aim of ending a 50\u2013year civil war. Contrary to the expected, significant sectors of Colombian society were against the Agreement and the Peace Process. The further efforts to implement the Peace Accord have been blocked by the configuration of local and national politics. Against this background, the presentation will address the main components of the Agreement, the negotiation process through which it was reached, and the challenges that its implementation currently faces.<\/p>\n\n\n\n<p>Liebe Studierende und Interessierte!<br>\nEs ist mal wieder soweit. Diesen Donnerstag haben wir Viviana Garc\u00eda Pinz\u00f3n aus Hamburg nach Halle eingeladen. Sie wird uns \u00fcber den Friedensprozess in Kolumbien berichten. Der Vortrag wird auf Englisch, die Diskussionsrunde auf Deutsch. Wir freuen uns auf euch! Ums zahlreiches Teilen wird gebeten<\/p>\n","protected":false},"excerpt":{"rendered":"<p>In 2016, the Colombian government and the guerrilla FARC signed a Peace Agreement at the aim of ending a 50\u2013year civil war. Contrary to the expected, significant sectors of Colombian society were against the Agreement and the Peace Process. The further efforts to implement the Peace Accord have been blocked by the configuration of local &hellip; <a href=\"https:\/\/www.solidaridad-ev.org\/es\/2019\/01\/24\/colombia-the-long-way-towards-peace\/\" class=\"more-link\">Continuar leyendo<span class=\"screen-reader-text\"> &#8220;Colombia: The long way towards peace&#8221;<\/span><\/a><\/p>\n","protected":false},"author":1,"featured_media":1280,"comment_status":"closed","ping_status":"closed","sticky":false,"template":"","format":"standard","meta":{"footnotes":""},"categories":[17,14],"tags":[41,28],"class_list":["post-1279","post","type-post","status-publish","format-standard","has-post-thumbnail","hentry","category-gespraech","category-vortrag","tag-fachschaftsrat-der-neuphilologien","tag-goldene-rose"],"_links":{"self":[{"href":"https:\/\/www.solidaridad-ev.org\/es\/wp-json\/wp\/v2\/posts\/1279","targetHints":{"allow":["GET"]}}],"collection":[{"href":"https:\/\/www.solidaridad-ev.org\/es\/wp-json\/wp\/v2\/posts"}],"about":[{"href":"https:\/\/www.solidaridad-ev.org\/es\/wp-json\/wp\/v2\/types\/post"}],"author":[{"embeddable":true,"href":"https:\/\/www.solidaridad-ev.org\/es\/wp-json\/wp\/v2\/users\/1"}],"replies":[{"embeddable":true,"href":"https:\/\/www.solidaridad-ev.org\/es\/wp-json\/wp\/v2\/comments?post=1279"}],"version-history":[{"count":1,"href":"https:\/\/www.solidaridad-ev.org\/es\/wp-json\/wp\/v2\/posts\/1279\/revisions"}],"predecessor-version":[{"id":1281,"href":"https:\/\/www.solidaridad-ev.org\/es\/wp-json\/wp\/v2\/posts\/1279\/revisions\/1281"}],"wp:featuredmedia":[{"embeddable":true,"href":"https:\/\/www.solidaridad-ev.org\/es\/wp-json\/wp\/v2\/media\/1280"}],"wp:attachment":[{"href":"https:\/\/www.solidaridad-ev.org\/es\/wp-json\/wp\/v2\/media?parent=1279"}],"wp:term":[{"taxonomy":"category","embeddable":true,"href":"https:\/\/www.solidaridad-ev.org\/es\/wp-json\/wp\/v2\/categories?post=1279"},{"taxonomy":"post_tag","embeddable":true,"href":"https:\/\/www.solidaridad-ev.org\/es\/wp-json\/wp\/v2\/tags?post=1279"}],"curies":[{"name":"wp","href":"https:\/\/api.w.org\/{rel}","templated":true}]}}