 {"id":1214,"date":"2018-12-03T18:00:57","date_gmt":"2018-12-03T16:00:57","guid":{"rendered":"https:\/\/www.solidaridad-ev.org\/?p=1214"},"modified":"2019-06-10T22:00:55","modified_gmt":"2019-06-10T20:00:55","slug":"cortos-mexicanos-mexikanische-kurzfilme","status":"publish","type":"post","link":"https:\/\/www.solidaridad-ev.org\/es\/2018\/12\/03\/cortos-mexicanos-mexikanische-kurzfilme\/","title":{"rendered":"Cortos Mexicanos &#8211; Mexikanische Kurzfilme"},"content":{"rendered":"\n<p>Cortos Mexicanos &#8211; Mexikanische Kurzfilme am Insitut f\u00fcr Romanistik der Universit\u00e4t Halle-Wittenberg.  <\/p>\n\n\n\n<p>Introducci\u00f3n<br>Peter Gr\u00fcttner \/Susanne Sch\u00fctz<\/p>\n\n\n\n<p>Coloquio de Prof. Bremer<br>Ludwig-Wucherer-Str. 2<br>SR 19 (1.40, 1r piso)<\/p>\n\n\n\n<p>gezeigt werden: Lupano Leyva (2010) Dir.: Felipe G\u00f3mez<br>Estatuas (2013) Dir.: Roberto Fiesco<br>El pescador (2011) Dir.: Samantha Pineda Sierra<br>Gajes del oficio (2013) Dir.: Mariana Gironella<br>M\u00fasica para despu\u00e9sde dormir (2013) Dir.: Nicol\u00e1s Rojas<br>Caf\u00e9 Para\u00edso (2007) Dir.: Alonso Ruizpalacios<\/p>\n","protected":false},"excerpt":{"rendered":"<p>Cortos Mexicanos &#8211; Mexikanische Kurzfilme am Insitut f\u00fcr Romanistik der Universit\u00e4t Halle-Wittenberg. Introducci\u00f3nPeter Gr\u00fcttner \/Susanne Sch\u00fctz Coloquio de Prof. BremerLudwig-Wucherer-Str. 2SR 19 (1.40, 1r piso) gezeigt werden: Lupano Leyva (2010) Dir.: Felipe G\u00f3mezEstatuas (2013) Dir.: Roberto FiescoEl pescador (2011) Dir.: Samantha Pineda SierraGajes del oficio (2013) Dir.: Mariana GironellaM\u00fasica para despu\u00e9sde dormir (2013) Dir.: Nicol\u00e1s &hellip; <a href=\"https:\/\/www.solidaridad-ev.org\/es\/2018\/12\/03\/cortos-mexicanos-mexikanische-kurzfilme\/\" class=\"more-link\">Continuar leyendo<span class=\"screen-reader-text\"> &#8220;Cortos Mexicanos &#8211; Mexikanische Kurzfilme&#8221;<\/span><\/a><\/p>\n","protected":false},"author":1,"featured_media":1215,"comment_status":"closed","ping_status":"closed","sticky":false,"template":"","format":"standard","meta":{"footnotes":""},"categories":[12],"tags":[18],"class_list":["post-1214","post","type-post","status-publish","format-standard","has-post-thumbnail","hentry","category-film","tag-filmreihe"],"_links":{"self":[{"href":"https:\/\/www.solidaridad-ev.org\/es\/wp-json\/wp\/v2\/posts\/1214","targetHints":{"allow":["GET"]}}],"collection":[{"href":"https:\/\/www.solidaridad-ev.org\/es\/wp-json\/wp\/v2\/posts"}],"about":[{"href":"https:\/\/www.solidaridad-ev.org\/es\/wp-json\/wp\/v2\/types\/post"}],"author":[{"embeddable":true,"href":"https:\/\/www.solidaridad-ev.org\/es\/wp-json\/wp\/v2\/users\/1"}],"replies":[{"embeddable":true,"href":"https:\/\/www.solidaridad-ev.org\/es\/wp-json\/wp\/v2\/comments?post=1214"}],"version-history":[{"count":1,"href":"https:\/\/www.solidaridad-ev.org\/es\/wp-json\/wp\/v2\/posts\/1214\/revisions"}],"predecessor-version":[{"id":1216,"href":"https:\/\/www.solidaridad-ev.org\/es\/wp-json\/wp\/v2\/posts\/1214\/revisions\/1216"}],"wp:featuredmedia":[{"embeddable":true,"href":"https:\/\/www.solidaridad-ev.org\/es\/wp-json\/wp\/v2\/media\/1215"}],"wp:attachment":[{"href":"https:\/\/www.solidaridad-ev.org\/es\/wp-json\/wp\/v2\/media?parent=1214"}],"wp:term":[{"taxonomy":"category","embeddable":true,"href":"https:\/\/www.solidaridad-ev.org\/es\/wp-json\/wp\/v2\/categories?post=1214"},{"taxonomy":"post_tag","embeddable":true,"href":"https:\/\/www.solidaridad-ev.org\/es\/wp-json\/wp\/v2\/tags?post=1214"}],"curies":[{"name":"wp","href":"https:\/\/api.w.org\/{rel}","templated":true}]}}